{"id":1009,"date":"2025-10-14T16:44:12","date_gmt":"2025-10-14T16:44:12","guid":{"rendered":"https:\/\/www.taboristepikovice.cz\/?p=1009"},"modified":"2025-10-14T16:44:13","modified_gmt":"2025-10-14T16:44:13","slug":"pikovicke-dusicky","status":"publish","type":"post","link":"https:\/\/www.taboristepikovice.cz\/?p=1009","title":{"rendered":"Pikovick\u00e9 du\u0161i\u010dky"},"content":{"rendered":"\n<p>Sice se nejedn\u00e1 o kdov\u00ed jak tradi\u010dn\u00ed akci (jde teprve o II. ro\u010dn\u00edk), nicm\u00e9n\u011b lo\u0148sk\u00e1 premi\u00e9ra m\u011bla takov\u00fd \u00fasp\u011bch, \u017ee na leto\u0161n\u00ed rok se chyst\u00e1 je\u0161t\u011b propracovan\u011bj\u0161\u00ed a bombasti\u010dt\u011bj\u0161\u00ed program!:-) P\u0159ij\u010fte v sobotu 25. 10. 2025 k ob\u010derstven\u00ed Pikovick\u00fd p\u0159\u00edstav a p\u0159esv\u011bd\u010dte se sami. Na organizaci akce se pod\u00edl\u00ed i n\u00e1s &#8220;t\u00fdm t\u00e1bo\u0159i\u0161t\u011b&#8221;, resp. banda hasi\u010d\u016f z SDH Pikovice:-)<\/p>\n\n\n\n<figure class=\"wp-block-image size-full\"><img fetchpriority=\"high\" decoding=\"async\" width=\"595\" height=\"842\" src=\"https:\/\/www.taboristepikovice.cz\/wp-content\/uploads\/2025\/10\/564611462_122192385512327588_7929656672454042819_n.jpg\" alt=\"\" class=\"wp-image-1010\" srcset=\"https:\/\/www.taboristepikovice.cz\/wp-content\/uploads\/2025\/10\/564611462_122192385512327588_7929656672454042819_n.jpg 595w, https:\/\/www.taboristepikovice.cz\/wp-content\/uploads\/2025\/10\/564611462_122192385512327588_7929656672454042819_n-212x300.jpg 212w\" sizes=\"(max-width: 595px) 100vw, 595px\" \/><\/figure>\n","protected":false},"excerpt":{"rendered":"<p>Sice se nejedn\u00e1 o kdov\u00ed jak tradi\u010dn\u00ed akci (jde teprve o II. ro\u010dn\u00edk), nicm\u00e9n\u011b lo\u0148sk\u00e1 premi\u00e9ra m\u011bla takov\u00fd \u00fasp\u011bch, \u017ee na leto\u0161n\u00ed rok se chyst\u00e1 je\u0161t\u011b propracovan\u011bj\u0161\u00ed a bombasti\u010dt\u011bj\u0161\u00ed program!:-) P\u0159ij\u010fte v sobotu 25. 10. 2025 k ob\u010derstven\u00ed Pikovick\u00fd p\u0159\u00edstav a p\u0159esv\u011bd\u010dte se sami. Na organizaci akce se pod\u00edl\u00ed i n\u00e1s &#8220;t\u00fdm t\u00e1bo\u0159i\u0161t\u011b&#8221;, resp. banda [&hellip;]<\/p>\n","protected":false},"author":2,"featured_media":0,"comment_status":"closed","ping_status":"closed","sticky":false,"template":"","format":"standard","meta":{"footnotes":""},"categories":[],"tags":[],"class_list":["post-1009","post","type-post","status-publish","format-standard","hentry"],"_links":{"self":[{"href":"https:\/\/www.taboristepikovice.cz\/index.php?rest_route=\/wp\/v2\/posts\/1009","targetHints":{"allow":["GET"]}}],"collection":[{"href":"https:\/\/www.taboristepikovice.cz\/index.php?rest_route=\/wp\/v2\/posts"}],"about":[{"href":"https:\/\/www.taboristepikovice.cz\/index.php?rest_route=\/wp\/v2\/types\/post"}],"author":[{"embeddable":true,"href":"https:\/\/www.taboristepikovice.cz\/index.php?rest_route=\/wp\/v2\/users\/2"}],"replies":[{"embeddable":true,"href":"https:\/\/www.taboristepikovice.cz\/index.php?rest_route=%2Fwp%2Fv2%2Fcomments&post=1009"}],"version-history":[{"count":1,"href":"https:\/\/www.taboristepikovice.cz\/index.php?rest_route=\/wp\/v2\/posts\/1009\/revisions"}],"predecessor-version":[{"id":1011,"href":"https:\/\/www.taboristepikovice.cz\/index.php?rest_route=\/wp\/v2\/posts\/1009\/revisions\/1011"}],"wp:attachment":[{"href":"https:\/\/www.taboristepikovice.cz\/index.php?rest_route=%2Fwp%2Fv2%2Fmedia&parent=1009"}],"wp:term":[{"taxonomy":"category","embeddable":true,"href":"https:\/\/www.taboristepikovice.cz\/index.php?rest_route=%2Fwp%2Fv2%2Fcategories&post=1009"},{"taxonomy":"post_tag","embeddable":true,"href":"https:\/\/www.taboristepikovice.cz\/index.php?rest_route=%2Fwp%2Fv2%2Ftags&post=1009"}],"curies":[{"name":"wp","href":"https:\/\/api.w.org\/{rel}","templated":true}]}}